{"id":1561,"date":"2024-12-28T16:08:31","date_gmt":"2024-12-28T15:08:31","guid":{"rendered":"https:\/\/www.garbinye.net\/?p=1561"},"modified":"2024-12-28T16:17:46","modified_gmt":"2024-12-28T15:17:46","slug":"proyecto-connectem-amb-el-jardi-botanic-5o-de-primaria","status":"publish","type":"post","link":"https:\/\/www.garbinye.net\/es\/proyecto-connectem-amb-el-jardi-botanic-5o-de-primaria\/","title":{"rendered":"PROYECTO \u201cCONNECTEM AMB EL JARD\u00cd BOT\u00c0NIC\u201d (5\u00ba DE PRIMARIA)"},"content":{"rendered":"<p style=\"font-weight: 400;\">Durante este primer trimestre, nuestros alumnos de 5\u00ba de primaria han trabajado en el proyecto de proximidad entre el museo de las Ciencias Naturales y algunas de las escuelas de Barcelona que se llama \u201cConnectem amb el Jard\u00ed Bot\u00e0nic\u201d. Este proyecto coincide con el 25\u00ba aniversario del Jard\u00edn Bot\u00e1nico de Barcelona. Han hecho diversas actividades sobre la b\u00fasqueda de 25 especies del parque de Can Sabat\u00e9. El resultado fue expuesto en un tr\u00edptico hecho por nuestros alumnos (v\u00e9ase la imagen superior) y en una quedada en el mismo Jard\u00edn Bot\u00e1nico de todos los grupos participantes.<\/p>\n<p style=\"font-weight: 400;\">Para las familias de estos alumnos ten\u00e9is las fotograf\u00edas dentro del \u201cMoodle\u201d de la escuela.<\/p>\n<p style=\"font-weight: 400;\">En el curso de \u201cClasse de Cinqu\u00e8\u201d en el apartado galer\u00eda.<\/p>\n<p style=\"font-weight: 400;\">Esperamos que sean de su agrado.<\/p>\n","protected":false},"excerpt":{"rendered":"<p>Durante este primer trimestre, nuestros alumnos de 5\u00ba de primaria han trabajado en el proyecto de proximidad entre el museo de las Ciencias Naturales y algunas de las escuelas de Barcelona que se llama \u201cConnectem amb el Jard\u00ed Bot\u00e0nic\u201d. Este proyecto coincide con el 25\u00ba aniversario del Jard\u00edn Bot\u00e1nico de Barcelona. Han hecho diversas actividades [&hellip;]<\/p>\n","protected":false},"author":2,"featured_media":1560,"comment_status":"closed","ping_status":"closed","sticky":false,"template":"","format":"standard","meta":{"footnotes":""},"categories":[1],"tags":[],"class_list":["post-1561","post","type-post","status-publish","format-standard","has-post-thumbnail","hentry","category-sin-categorizar"],"_links":{"self":[{"href":"https:\/\/www.garbinye.net\/es\/wp-json\/wp\/v2\/posts\/1561","targetHints":{"allow":["GET"]}}],"collection":[{"href":"https:\/\/www.garbinye.net\/es\/wp-json\/wp\/v2\/posts"}],"about":[{"href":"https:\/\/www.garbinye.net\/es\/wp-json\/wp\/v2\/types\/post"}],"author":[{"embeddable":true,"href":"https:\/\/www.garbinye.net\/es\/wp-json\/wp\/v2\/users\/2"}],"replies":[{"embeddable":true,"href":"https:\/\/www.garbinye.net\/es\/wp-json\/wp\/v2\/comments?post=1561"}],"version-history":[{"count":1,"href":"https:\/\/www.garbinye.net\/es\/wp-json\/wp\/v2\/posts\/1561\/revisions"}],"predecessor-version":[{"id":1562,"href":"https:\/\/www.garbinye.net\/es\/wp-json\/wp\/v2\/posts\/1561\/revisions\/1562"}],"wp:featuredmedia":[{"embeddable":true,"href":"https:\/\/www.garbinye.net\/es\/wp-json\/wp\/v2\/media\/1560"}],"wp:attachment":[{"href":"https:\/\/www.garbinye.net\/es\/wp-json\/wp\/v2\/media?parent=1561"}],"wp:term":[{"taxonomy":"category","embeddable":true,"href":"https:\/\/www.garbinye.net\/es\/wp-json\/wp\/v2\/categories?post=1561"},{"taxonomy":"post_tag","embeddable":true,"href":"https:\/\/www.garbinye.net\/es\/wp-json\/wp\/v2\/tags?post=1561"}],"curies":[{"name":"wp","href":"https:\/\/api.w.org\/{rel}","templated":true}]}}